{"id":761,"date":"2026-04-21T18:07:11","date_gmt":"2026-04-21T18:07:11","guid":{"rendered":"https:\/\/atolyer10.com\/?p=761"},"modified":"2026-04-21T18:07:12","modified_gmt":"2026-04-21T18:07:12","slug":"istanbul-tasarim-muzesi","status":"publish","type":"post","link":"https:\/\/atolyer10.com\/?p=761","title":{"rendered":"\u0130stanbul Tasar\u0131m M\u00fczesi"},"content":{"rendered":"\n<p>&#8220;S\u00fcleymaniye Camii ve K\u00fclliyesi&#8217;nin bir par\u00e7as\u0131 olan tarihi S\u0131ra D\u00fckk\u00e2nlar, \u0130BB Miras&#8217;\u0131n \u00f6zenli onar\u0131m\u0131 ve yeniden i\u015flevlendirme \u00e7al\u0131\u015fmalar\u0131yla \u201c\u0130BB \u0130stanbul Tasar\u0131m M\u00fczesi\u201d olarak yeniden kent hayat\u0131na kazand\u0131r\u0131ld\u0131. Zanaatk\u00e2rlar\u0131, tasar\u0131mc\u0131lar\u0131 ve sanat\u00e7\u0131lar\u0131 ortak bir \u00fcretim paydas\u0131nda bulu\u015fturmak amac\u0131yla alanda d\u00fczenlenen d\u00fckk\u00e2nlar, sosyal bulu\u015fma noktalar\u0131 ve \u00fcretim alanlar\u0131 b\u00f6lgesel de\u011fer kat\u0131yor.&#8221; (<a href=\"https:\/\/ataturkkitapligi.ibb.gov.tr\/\">https:\/\/ataturkkitapligi.ibb.gov.tr<\/a>)<\/p>\n\n\n\n<p>\u0130BB \u0130stanbul Tasar\u0131m M\u00fczesi, \u0130stanbul B\u00fcy\u00fck\u015fehir Belediyesi taraf\u0131ndan, S\u00fcleymaniye Camii ve S\u00fcleymaniye K\u00fclliyesi \u00e7evresinde, \u00f6zellikle k\u00fclliyenin alt katlar\u0131nda yer alan tarih\u00ee mek\u00e2nlar\u0131n yeniden i\u015flevlendirilmesiyle olu\u015fturulmu\u015f bir k\u00fclt\u00fcr ve sergi alan\u0131d\u0131r. Bu proje, hem tarih\u00ee miras\u0131 korumay\u0131 hem de \u0130stanbul\u2019un tasar\u0131m birikimini g\u00f6r\u00fcn\u00fcr k\u0131lmay\u0131 ama\u00e7lar.<\/p>\n\n\n\n<p>S\u00fcleymaniye K\u00fclliyesi, 16. y\u00fczy\u0131lda Mimar Sinan taraf\u0131ndan in\u015fa edilmi\u015f olup, Osmanl\u0131 mimarisinin en geli\u015fmi\u015f \u00f6rneklerinden biridir. Y\u00fczy\u0131llar boyunca e\u011fitim, sa\u011fl\u0131k ve sosyal hizmetlerin merkezi olan bu yap\u0131 toplulu\u011fu, zaman i\u00e7inde baz\u0131 b\u00f6l\u00fcmlerinin i\u015flevini yitirmesiyle restorasyon ihtiyac\u0131 duymu\u015ftur. \u0130BB\u2019nin y\u00fcr\u00fctt\u00fc\u011f\u00fc \u00e7al\u0131\u015fmalarla bu alanlar\u0131n bir k\u0131sm\u0131 k\u00fclt\u00fcrel kullan\u0131ma a\u00e7\u0131lm\u0131\u015f ve \u201cTasar\u0131m M\u00fczesi\u201d ad\u0131yla yeni bir kimlik kazanm\u0131\u015ft\u0131r.<\/p>\n\n\n\n<p>\u0130stanbul Tasar\u0131m M\u00fczesi, klasik bir m\u00fczeden ziyade dinamik bir sergi ve \u00fcretim alan\u0131 olarak kurgulanm\u0131\u015ft\u0131r. Burada:<\/p>\n\n\n\n<ul class=\"wp-block-list\">\n<li>Grafik tasar\u0131m<\/li>\n\n\n\n<li>End\u00fcstriyel tasar\u0131m<\/li>\n\n\n\n<li>Mimarl\u0131k<\/li>\n\n\n\n<li>Geleneksel zanaatlar<\/li>\n<\/ul>\n\n\n\n<p>gibi farkl\u0131 disiplinlerden \u00f6rnekler sergilenir. Ayn\u0131 zamanda at\u00f6lyeler, s\u00f6yle\u015filer ve ge\u00e7ici sergilerle ya\u015fayan bir k\u00fclt\u00fcr ortam\u0131 olu\u015fturulur.<\/p>\n\n\n\n<p>M\u00fczenin en dikkat \u00e7ekici y\u00f6nlerinden biri, tarih\u00ee mek\u00e2n ile \u00e7a\u011fda\u015f tasar\u0131m\u0131n bir araya getirilmesidir. Osmanl\u0131 d\u00f6nemine ait ta\u015f yap\u0131lar i\u00e7inde modern tasar\u0131m \u00fcr\u00fcnlerinin sergilenmesi, ge\u00e7mi\u015f ile g\u00fcn\u00fcm\u00fcz aras\u0131nda g\u00fc\u00e7l\u00fc bir ba\u011f kurar. Bu da ziyaret\u00e7ilere hem tarih\u00ee dokuyu hissetme hem de g\u00fcncel tasar\u0131m anlay\u0131\u015f\u0131n\u0131 deneyimleme imk\u00e2n\u0131 sunar.<\/p>\n\n\n\n<figure class=\"wp-block-gallery has-nested-images columns-default is-cropped wp-block-gallery-1 is-layout-flex wp-block-gallery-is-layout-flex\">\n<figure class=\"wp-block-image size-large\"><img  title=\"\" loading=\"lazy\" decoding=\"async\" width=\"1024\" height=\"683\" data-id=\"765\" src=\"https:\/\/atolyer10.com\/wp-content\/uploads\/2026\/04\/Istanbul-Tasarim-Muzesi-5366-1-1024x683.jpg\"  alt=\"Istanbul-Tasarim-Muzesi-5366-1-1024x683 \u0130stanbul Tasar\u0131m M\u00fczesi\"  class=\"wp-image-765\" srcset=\"https:\/\/atolyer10.com\/wp-content\/uploads\/2026\/04\/Istanbul-Tasarim-Muzesi-5366-1-1024x683.jpg 1024w, https:\/\/atolyer10.com\/wp-content\/uploads\/2026\/04\/Istanbul-Tasarim-Muzesi-5366-1-300x200.jpg 300w, https:\/\/atolyer10.com\/wp-content\/uploads\/2026\/04\/Istanbul-Tasarim-Muzesi-5366-1-768x512.jpg 768w, https:\/\/atolyer10.com\/wp-content\/uploads\/2026\/04\/Istanbul-Tasarim-Muzesi-5366-1-1536x1024.jpg 1536w, https:\/\/atolyer10.com\/wp-content\/uploads\/2026\/04\/Istanbul-Tasarim-Muzesi-5366-1-2048x1365.jpg 2048w\" sizes=\"auto, (max-width: 1024px) 100vw, 1024px\" \/><\/figure>\n\n\n\n<figure class=\"wp-block-image size-large\"><img  title=\"\" loading=\"lazy\" decoding=\"async\" width=\"1024\" height=\"683\" data-id=\"764\" src=\"https:\/\/atolyer10.com\/wp-content\/uploads\/2026\/04\/Istanbul-Tasarim-Muzesi-5400-1024x683.jpg\"  alt=\"Istanbul-Tasarim-Muzesi-5400-1024x683 \u0130stanbul Tasar\u0131m M\u00fczesi\"  class=\"wp-image-764\" srcset=\"https:\/\/atolyer10.com\/wp-content\/uploads\/2026\/04\/Istanbul-Tasarim-Muzesi-5400-1024x683.jpg 1024w, https:\/\/atolyer10.com\/wp-content\/uploads\/2026\/04\/Istanbul-Tasarim-Muzesi-5400-300x200.jpg 300w, https:\/\/atolyer10.com\/wp-content\/uploads\/2026\/04\/Istanbul-Tasarim-Muzesi-5400-768x512.jpg 768w, https:\/\/atolyer10.com\/wp-content\/uploads\/2026\/04\/Istanbul-Tasarim-Muzesi-5400-1536x1024.jpg 1536w, https:\/\/atolyer10.com\/wp-content\/uploads\/2026\/04\/Istanbul-Tasarim-Muzesi-5400-2048x1365.jpg 2048w\" sizes=\"auto, (max-width: 1024px) 100vw, 1024px\" \/><\/figure>\n<\/figure>\n\n\n\n<p>G\u00f6rseller (<a href=\"https:\/\/ataturkkitapligi.ibb.gov.tr\/\">https:\/\/ataturkkitapligi.ibb.gov.tr<\/a>) &#8216;dan al\u0131nm\u0131\u015ft\u0131r.<\/p>\n","protected":false},"excerpt":{"rendered":"<p>&#8220;S\u00fcleymaniye Camii ve K\u00fclliyesi&#8217;nin bir par\u00e7as\u0131 olan tarihi S\u0131ra D\u00fckk\u00e2nlar, \u0130BB Miras&#8217;\u0131n \u00f6zenli onar\u0131m\u0131 ve yeniden i\u015flevlendirme \u00e7al\u0131\u015fmalar\u0131yla \u201c\u0130BB \u0130stanbul Tasar\u0131m M\u00fczesi\u201d olarak yeniden kent hayat\u0131na kazand\u0131r\u0131ld\u0131. Zanaatk\u00e2rlar\u0131, tasar\u0131mc\u0131lar\u0131 ve sanat\u00e7\u0131lar\u0131 ortak bir \u00fcretim paydas\u0131nda bulu\u015fturmak amac\u0131yla alanda d\u00fczenlenen d\u00fckk\u00e2nlar, sosyal bulu\u015fma noktalar\u0131 ve \u00fcretim alanlar\u0131 b\u00f6lgesel de\u011fer kat\u0131yor.&#8221; (https:\/\/ataturkkitapligi.ibb.gov.tr) \u0130BB \u0130stanbul Tasar\u0131m M\u00fczesi, \u0130stanbul [&hellip;]<\/p>\n","protected":false},"author":5,"featured_media":763,"comment_status":"open","ping_status":"open","sticky":false,"template":"","format":"standard","meta":{"footnotes":""},"categories":[1],"tags":[147,156,152,155,154,22,157,98,153,158],"class_list":["post-761","post","type-post","status-publish","format-standard","has-post-thumbnail","hentry","category-uncategorized","tag-donusum","tag-endustriyel-tasarim","tag-geleneksel-zanaatlar","tag-grafik-tasarim","tag-ibb-istanbul-tasarim-muzesi","tag-istanbul","tag-mimarlik","tag-sanat","tag-suleymaniye-camii","tag-tarihi-mekan"],"_links":{"self":[{"href":"https:\/\/atolyer10.com\/index.php?rest_route=\/wp\/v2\/posts\/761","targetHints":{"allow":["GET"]}}],"collection":[{"href":"https:\/\/atolyer10.com\/index.php?rest_route=\/wp\/v2\/posts"}],"about":[{"href":"https:\/\/atolyer10.com\/index.php?rest_route=\/wp\/v2\/types\/post"}],"author":[{"embeddable":true,"href":"https:\/\/atolyer10.com\/index.php?rest_route=\/wp\/v2\/users\/5"}],"replies":[{"embeddable":true,"href":"https:\/\/atolyer10.com\/index.php?rest_route=%2Fwp%2Fv2%2Fcomments&post=761"}],"version-history":[{"count":1,"href":"https:\/\/atolyer10.com\/index.php?rest_route=\/wp\/v2\/posts\/761\/revisions"}],"predecessor-version":[{"id":766,"href":"https:\/\/atolyer10.com\/index.php?rest_route=\/wp\/v2\/posts\/761\/revisions\/766"}],"wp:featuredmedia":[{"embeddable":true,"href":"https:\/\/atolyer10.com\/index.php?rest_route=\/wp\/v2\/media\/763"}],"wp:attachment":[{"href":"https:\/\/atolyer10.com\/index.php?rest_route=%2Fwp%2Fv2%2Fmedia&parent=761"}],"wp:term":[{"taxonomy":"category","embeddable":true,"href":"https:\/\/atolyer10.com\/index.php?rest_route=%2Fwp%2Fv2%2Fcategories&post=761"},{"taxonomy":"post_tag","embeddable":true,"href":"https:\/\/atolyer10.com\/index.php?rest_route=%2Fwp%2Fv2%2Ftags&post=761"}],"curies":[{"name":"wp","href":"https:\/\/api.w.org\/{rel}","templated":true}]}}