{"id":780,"date":"2026-04-27T21:55:49","date_gmt":"2026-04-27T21:55:49","guid":{"rendered":"https:\/\/atolyer10.com\/?p=780"},"modified":"2026-04-27T21:55:50","modified_gmt":"2026-04-27T21:55:50","slug":"yan-yana-ortak-yasam-hikayesi","status":"publish","type":"post","link":"https:\/\/atolyer10.com\/?p=780","title":{"rendered":"Yan Yana : Ortak Ya\u015fam Hikayesi"},"content":{"rendered":"\n<p>T\u00fcrkiye \u0130\u015f Bankas\u0131 Resim Heykel M\u00fczesi\u2019nin \u201cYan Yana\u201d ba\u015fl\u0131kl\u0131 yeni s\u00fcreli sergisi sanat d\u00fcnyam\u0131zdan iki \u00f6nemli \u00e7iftin, Melahat ve E\u015fref \u00dcren ile Eren ve Bedri Rahmi Ey\u00fcbo\u011flu\u2019nun eserlerini bir araya getiriyor. Sergi 20 Eyl\u00fcl g\u00fcn\u00fcnden 10 Temmuz 2026 tarihine kadar devam ediyor.<\/p>\n\n\n\n<p>\u201cYan Yana\u201d sergisi, iki sanat\u00e7\u0131 \u00e7ifti olan Melahat ve E\u015fref \u00dcren ile Eren ve Bedri Rahmi Ey\u00fcbo\u011flu\u2019nun eserlerini bir araya getirerek onlar\u0131n hem bireysel sanat anlay\u0131\u015flar\u0131n\u0131 hem de birbirleriyle kurduklar\u0131 yarat\u0131c\u0131 ili\u015fkiyi g\u00f6zler \u00f6n\u00fcne seriyor. Ayn\u0131 ya\u015fam\u0131 payla\u015fan sanat\u00e7\u0131lar\u0131n \u00fcretim s\u00fcre\u00e7lerinin nas\u0131l kesi\u015fti\u011fi, birbirlerini nas\u0131l etkiledikleri ve farkl\u0131l\u0131klar\u0131n\u0131 nas\u0131l koruduklar\u0131 serginin temel temas\u0131n\u0131 olu\u015fturur.<\/p>\n\n\n\n<p>Bedri Rahmi Ey\u00fcbo\u011flu\u2019nun resimlerinde g\u00fc\u00e7l\u00fc renkler, halk motifleri, Anadolu insan\u0131 ve do\u011fa temalar\u0131 \u00f6ne \u00e7\u0131kar. Resimlerinde kilim desenleri, bal\u0131k fig\u00fcrleri, ku\u015flar ve k\u00f6y ya\u015fam\u0131na dair \u00f6\u011feler s\u0131k\u00e7a g\u00f6r\u00fcl\u00fcr. \u015eair kimli\u011finin etkisiyle eserlerinde duygusal ve anlat\u0131msal bir hava hissedilir. Geleneksel halk sanat\u0131n\u0131 modern resim anlay\u0131\u015f\u0131yla birle\u015ftirerek kendine \u00f6zg\u00fc bir tarz olu\u015fturmu\u015ftur. Eren Ey\u00fcbo\u011flu\u2019nun eserlerinde ise daha sakin, dengeli ve g\u00f6zleme dayal\u0131 bir yakla\u015f\u0131m dikkat \u00e7eker. Portreler, kad\u0131n fig\u00fcrleri, i\u00e7 mek\u00e2nlar ve Anadolu\u2019dan sahneler onun resimlerinde \u00f6nemli yer tutar. Renk kullan\u0131m\u0131nda yumu\u015fak ge\u00e7i\u015fler ve g\u00fc\u00e7l\u00fc kompozisyon anlay\u0131\u015f\u0131 g\u00f6r\u00fcl\u00fcr. Anadolu k\u00fclt\u00fcr\u00fcne duydu\u011fu ilgi, eserlerine s\u0131cak ve samimi bir atmosfer kazand\u0131rm\u0131\u015ft\u0131r.<\/p>\n\n\n\n<p>Bu iki sanat\u00e7\u0131n\u0131n eserleri yan yana incelendi\u011finde, ortak ilham kaynaklar\u0131na ra\u011fmen farkl\u0131 bak\u0131\u015f a\u00e7\u0131lar\u0131na sahip olduklar\u0131 g\u00f6r\u00fcl\u00fcr. Bedri Rahmi daha d\u0131\u015favurumcu ve hareketli bir anlat\u0131m kurarken, Eren Ey\u00fcbo\u011flu daha i\u00e7sel ve dingin bir atmosfer yarat\u0131r. Bu farkl\u0131l\u0131klar, onlar\u0131n sanat\u0131n\u0131 birbirini tamamlayan ama ayn\u0131 zamanda ba\u011f\u0131ms\u0131z iki ayr\u0131 d\u00fcnya haline getirir.<\/p>\n\n\n\n<p>E\u015fref \u00dcren\u2019in resimlerinde \u00f6zellikle Ankara manzaralar\u0131, parklar, sokaklar ve g\u00fcnl\u00fck ya\u015fam sahneleri dikkat \u00e7eker. Do\u011fay\u0131 g\u00f6zlemleyen bir anlay\u0131\u015fla \u00e7al\u0131\u015fan sanat\u00e7\u0131, \u0131\u015f\u0131k ve renk kullan\u0131m\u0131na b\u00fcy\u00fck \u00f6nem vermi\u015ftir. Resimlerinde sakin ama canl\u0131 bir atmosfer hissedilir. Empresyonist etkiler ta\u015f\u0131yan eserlerinde mevsim ge\u00e7i\u015fleri, a\u011fa\u00e7lar ve \u015fehir ya\u015fam\u0131n\u0131n de\u011fi\u015fen g\u00f6r\u00fcnt\u00fcleri s\u0131k\u00e7a yer al\u0131r.<\/p>\n\n\n\n<p>Melahat \u00dcren\u2019in \u00e7al\u0131\u015fmalar\u0131nda ise daha i\u00e7sel ve duygusal bir anlat\u0131m \u00f6ne \u00e7\u0131kar. Portreler, fig\u00fcr \u00e7al\u0131\u015fmalar\u0131 ve g\u00fcndelik ya\u015famdan sahneler onun resimlerinde \u00f6nemli bir yer tutar. Renkleri daha yumu\u015fak ve dengeli kullan\u0131rken, insan ruh h\u00e2lini yans\u0131tan detaylara a\u011f\u0131rl\u0131k verdi\u011fi g\u00f6r\u00fcl\u00fcr. Eserlerinde sade ama etkileyici bir anlat\u0131m dili vard\u0131r. Bu iki sanat\u00e7\u0131n\u0131n eserleri birlikte de\u011ferlendirildi\u011finde, ortak ya\u015famlar\u0131n\u0131n sanatlar\u0131na nas\u0131l yans\u0131d\u0131\u011f\u0131 g\u00f6r\u00fclebilir. Ayn\u0131 \u00e7evreyi ve d\u00f6nemi payla\u015fmalar\u0131na ra\u011fmen her biri kendi \u00fcslubunu korumu\u015f; biri daha d\u0131\u015f d\u00fcnyaya ve do\u011faya y\u00f6nelirken di\u011feri daha ki\u015fisel ve duygusal bir ifade alan\u0131 olu\u015fturmu\u015ftur. Bu d\u00f6rt farkl\u0131 \u00fcslubun yan yana sunulmas\u0131, T\u00fcrk resim sanat\u0131n\u0131n \u00e7e\u015fitlili\u011fini daha g\u00f6r\u00fcn\u00fcr hale getiriyor.<\/p>\n\n\n\n<p>M\u00fczedeki \u201cT\u00fcrk Resmini \u0130zlemek\u201d adl\u0131 kal\u0131c\u0131 sergide de T\u00fcrkiye\u2019nin modernle\u015fme hik\u00e2yesini sanat arac\u0131l\u0131\u011f\u0131yla anlatan k\u00fclt\u00fcrel bir bellek alan\u0131d\u0131r. Ziyaret\u00e7iler, farkl\u0131 d\u00f6nemlere ait eserleri inceleyerek T\u00fcrk sanat\u0131n\u0131n ge\u00e7irdi\u011fi d\u00f6n\u00fc\u015f\u00fcm\u00fc ve sanat\u00e7\u0131lar\u0131n toplumla kurdu\u011fu ili\u015fkiyi yak\u0131ndan g\u00f6zlemleme f\u0131rsat\u0131 bulur. Bu sebeple asl\u0131nda birbirleriyle uyum i\u00e7indedirler. Sergide yer alan eserler yaln\u0131zca estetik bir deneyim sunmuyorlar, ayn\u0131 zamanda sanat\u00e7\u0131lar\u0131n duygusal d\u00fcnyalar\u0131na ve ya\u015fad\u0131klar\u0131 d\u00f6nemin k\u00fclt\u00fcrel atmosferine dair ipu\u00e7lar\u0131 veriyor. Bir \u00e7iftin hikayesini izlemek, sanat dolu bir birlikteli\u011fin izlerini g\u00f6rmek etkileyici bir deneyim. Resimlerin yan\u0131 s\u0131ra, mektuplar, karikat\u00fcrler, \u015fiirler, eskizler ve belgeler de sergiye e\u015flik ederek izleyicilere zengin ve katmanl\u0131 bir anlat\u0131m sunuyor.<\/p>\n\n\n\n<p>Sergi, yaln\u0131zca iki sanat\u00e7\u0131 \u00e7iftinin ya\u015fam\u0131n\u0131 ve \u00fcretim s\u00fcre\u00e7lerini anlatmakla s\u0131n\u0131rl\u0131 kalm\u0131yor; ayn\u0131 zamanda her sanat\u00e7\u0131n\u0131n kendine \u00f6zg\u00fc fakat zaman zaman birbirine dokunan sanatsal yolculu\u011funu da izleyiciye sunuyor. Eren Ey\u00fcbo\u011flu ve Melahat \u00dcren\u2019in hassas ve \u00f6zg\u00fcn bak\u0131\u015f a\u00e7\u0131lar\u0131, Bedri Rahmi Ey\u00fcbo\u011flu ile E\u015fref \u00dcren\u2019in g\u00fc\u00e7l\u00fc anlat\u0131mlar\u0131yla birle\u015fince ortaya sadece sanat\u00e7\u0131 \u00e7iftlere dair bir hik\u00e2ye de\u011fil, \u00e7ok katmanl\u0131 bir sanat anlat\u0131s\u0131 \u00e7\u0131k\u0131yor. \u0130zleyiciyi hem bu \u00e7iftlerin payla\u015ft\u0131\u011f\u0131 ortak ya\u015fama hem de d\u00f6rt farkl\u0131 sanat\u00e7\u0131n\u0131n i\u00e7sel d\u00fcnyas\u0131na davet eden sergi, \u201cyan yana\u201d olman\u0131n anlam\u0131n\u0131; birlikte \u00fcretmek, kar\u015f\u0131l\u0131kl\u0131 etkilenmek ve zaman zaman g\u00f6lgede kalan eme\u011fi yeniden g\u00f6r\u00fcn\u00fcr k\u0131lmak \u00fczerinden d\u00fc\u015f\u00fcnd\u00fcr\u00fcyor.<\/p>\n","protected":false},"excerpt":{"rendered":"<p>T\u00fcrkiye \u0130\u015f Bankas\u0131 Resim Heykel M\u00fczesi\u2019nin \u201cYan Yana\u201d ba\u015fl\u0131kl\u0131 yeni s\u00fcreli sergisi sanat d\u00fcnyam\u0131zdan iki \u00f6nemli \u00e7iftin, Melahat ve E\u015fref \u00dcren ile Eren ve Bedri Rahmi Ey\u00fcbo\u011flu\u2019nun eserlerini bir araya getiriyor. Sergi 20 Eyl\u00fcl g\u00fcn\u00fcnden 10 Temmuz 2026 tarihine kadar devam ediyor. \u201cYan Yana\u201d sergisi, iki sanat\u00e7\u0131 \u00e7ifti olan Melahat ve E\u015fref \u00dcren ile Eren [&hellip;]<\/p>\n","protected":false},"author":6,"featured_media":781,"comment_status":"open","ping_status":"open","sticky":false,"template":"","format":"standard","meta":{"footnotes":""},"categories":[9],"tags":[22,98],"class_list":["post-780","post","type-post","status-publish","format-standard","has-post-thumbnail","hentry","category-sergiler","tag-istanbul","tag-sanat"],"_links":{"self":[{"href":"https:\/\/atolyer10.com\/index.php?rest_route=\/wp\/v2\/posts\/780","targetHints":{"allow":["GET"]}}],"collection":[{"href":"https:\/\/atolyer10.com\/index.php?rest_route=\/wp\/v2\/posts"}],"about":[{"href":"https:\/\/atolyer10.com\/index.php?rest_route=\/wp\/v2\/types\/post"}],"author":[{"embeddable":true,"href":"https:\/\/atolyer10.com\/index.php?rest_route=\/wp\/v2\/users\/6"}],"replies":[{"embeddable":true,"href":"https:\/\/atolyer10.com\/index.php?rest_route=%2Fwp%2Fv2%2Fcomments&post=780"}],"version-history":[{"count":1,"href":"https:\/\/atolyer10.com\/index.php?rest_route=\/wp\/v2\/posts\/780\/revisions"}],"predecessor-version":[{"id":782,"href":"https:\/\/atolyer10.com\/index.php?rest_route=\/wp\/v2\/posts\/780\/revisions\/782"}],"wp:featuredmedia":[{"embeddable":true,"href":"https:\/\/atolyer10.com\/index.php?rest_route=\/wp\/v2\/media\/781"}],"wp:attachment":[{"href":"https:\/\/atolyer10.com\/index.php?rest_route=%2Fwp%2Fv2%2Fmedia&parent=780"}],"wp:term":[{"taxonomy":"category","embeddable":true,"href":"https:\/\/atolyer10.com\/index.php?rest_route=%2Fwp%2Fv2%2Fcategories&post=780"},{"taxonomy":"post_tag","embeddable":true,"href":"https:\/\/atolyer10.com\/index.php?rest_route=%2Fwp%2Fv2%2Ftags&post=780"}],"curies":[{"name":"wp","href":"https:\/\/api.w.org\/{rel}","templated":true}]}}