{"id":868,"date":"2026-05-25T12:17:08","date_gmt":"2026-05-25T12:17:08","guid":{"rendered":"https:\/\/atolyer10.com\/?p=868"},"modified":"2026-05-25T12:17:08","modified_gmt":"2026-05-25T12:17:08","slug":"dusler-zamani-japonya-sergisi","status":"publish","type":"post","link":"https:\/\/atolyer10.com\/?p=868","title":{"rendered":"D\u00fc\u015fler Zaman\u0131: Japonya Sergisi"},"content":{"rendered":"\n<p>\u0130BB Dijital Deneyim Merkezi taraf\u0131ndan 20 Mart 2026 tarihinde a\u00e7\u0131lan <strong>D\u00fc\u015fler Zaman\u0131: Japonya<\/strong> sergisini ziyaret ettim. <\/p>\n\n\n\n<p>Bu dijital sanat deneyimi, \u00e7e\u015fitli dijital enstalasyonlar, etkile\u015fimli \u00e7al\u0131\u015fmalarla Japon zanaat k\u00fclt\u00fcr\u00fcn\u00fcn esteti\u011fini bir anlat\u0131 olarak sunuyor ziyaret\u00e7ilere. <\/p>\n\n\n\n<figure class=\"wp-block-image size-large\"><img  title=\"\" loading=\"lazy\" decoding=\"async\" width=\"768\" height=\"1024\" src=\"http:\/\/atolyer10.com\/wp-content\/uploads\/2026\/05\/20260522_152011-768x1024.jpg\"  alt=\"20260522_152011-768x1024 D\u00fc\u015fler Zaman\u0131: Japonya Sergisi\"  class=\"wp-image-870\" \/><\/figure>\n\n\n\n<p><em>Dijital Deneyim Merkezi giri\u015fi<\/em><\/p>\n\n\n\n<p>Dijital Deneyim Merkezinin kap\u0131s\u0131nda, tam giri\u015fte Japon k\u00fclt\u00fcr\u00fcn\u00fcn \u00f6nemli simgelerinden biri olan b\u00fcy\u00fck bir Torii ile kar\u015f\u0131la\u015f\u0131yoruz. Torii, geleneksel olarak Japon \u015einto tap\u0131naklar\u0131n\u0131n giri\u015finde yer alan ve d\u00fcnyevi olandan kutsal olana ge\u00e7i\u015fi simgeleyen an\u0131tsal kap\u0131lard\u0131r. <\/p>\n\n\n\n<p>Hemen giri\u015fte, Sakuralarla bezenmi\u015f bir k\u00f6\u015fe dikkat \u00e7ekiyor. Muhtemelen hat\u0131ra olarak foto\u011fraf \u00e7ekmek isteyen ziyaret\u00e7iler i\u00e7in haz\u0131rlanm\u0131\u015f bir k\u00f6\u015fe. <\/p>\n\n\n\n<figure class=\"wp-block-image size-large\"><img  title=\"\" loading=\"lazy\" decoding=\"async\" width=\"768\" height=\"1024\" src=\"http:\/\/atolyer10.com\/wp-content\/uploads\/2026\/05\/20260522_152230-768x1024.jpg\"  alt=\"20260522_152230-768x1024 D\u00fc\u015fler Zaman\u0131: Japonya Sergisi\"  class=\"wp-image-873\" \/><\/figure>\n\n\n\n<p><em>Sakuralarla s\u00fcslenmi\u015f foto\u011fraf alan\u0131<\/em><\/p>\n\n\n\n<p>Sergiye ge\u00e7ti\u011fimizde, b\u00fcy\u00fck bir sergi alan\u0131 ile kar\u015f\u0131la\u015f\u0131yoruz. Birden fazla dijital deneyim, interaktif \u00e7al\u0131\u015fman\u0131n bulundu\u011fu alanda Japonya k\u00fclt\u00fcr\u00fcyle ilgili \u00e7e\u015fitli bilgiler, oyunlar da mevcut. Gerek Japon sanat\u0131, gerek mitolojisi ile ilgili bilgilere rastl\u0131yoruz. <\/p>\n\n\n\n<figure class=\"wp-block-image size-large\"><img  title=\"\" loading=\"lazy\" decoding=\"async\" width=\"768\" height=\"1024\" src=\"http:\/\/atolyer10.com\/wp-content\/uploads\/2026\/05\/20260522_152310-768x1024.jpg\"  alt=\"20260522_152310-768x1024 D\u00fc\u015fler Zaman\u0131: Japonya Sergisi\"  class=\"wp-image-874\" \/><\/figure>\n\n\n\n<p><em>Giri\u015fteki ilk deneyim alan\u0131, Dijital Oda<\/em><\/p>\n\n\n\n<p><\/p>\n\n\n\n<figure class=\"wp-block-image size-large\"><img  title=\"\" loading=\"lazy\" decoding=\"async\" width=\"1024\" height=\"768\" src=\"http:\/\/atolyer10.com\/wp-content\/uploads\/2026\/05\/20260522_153200-1024x768.jpg\"  alt=\"20260522_153200-1024x768 D\u00fc\u015fler Zaman\u0131: Japonya Sergisi\"  class=\"wp-image-877\" \/><\/figure>\n\n\n\n<p><em>Japon Sanat\u0131nda Zaman,<\/em> <em>\u0130nteraktif deneyim, Dijital Oda<\/em><\/p>\n\n\n\n<p><\/p>\n\n\n\n<figure class=\"wp-block-image size-large\"><img  title=\"\" loading=\"lazy\" decoding=\"async\" width=\"1024\" height=\"768\" src=\"http:\/\/atolyer10.com\/wp-content\/uploads\/2026\/05\/20260522_152818-1024x768.jpg\"  alt=\"20260522_152818-1024x768 D\u00fc\u015fler Zaman\u0131: Japonya Sergisi\"  class=\"wp-image-876\" \/><\/figure>\n\n\n\n<p><em>1000 Y\u0131ll\u0131k Bulmaca<\/em>, <em>Dijital \u0130nteraktif Oyun<\/em>, <em>Dijital Oda<\/em><\/p>\n\n\n\n<p>Dijital Oda&#8217;dan \u00e7\u0131kt\u0131ktan sonra, koridorda olduk\u00e7a farkl\u0131 bir deneyim bizi bekliyor. <\/p>\n\n\n\n<figure class=\"wp-block-image size-large\"><img  title=\"\" loading=\"lazy\" decoding=\"async\" width=\"768\" height=\"1024\" src=\"http:\/\/atolyer10.com\/wp-content\/uploads\/2026\/05\/20260522_153253-768x1024.jpg\"  alt=\"20260522_153253-768x1024 D\u00fc\u015fler Zaman\u0131: Japonya Sergisi\"  class=\"wp-image-882\" \/><\/figure>\n\n\n\n<p><em>Ge\u00e7i\u015f koridorundaki Enstalasyon<\/em><\/p>\n\n\n\n<p>Etkileyeci koridor deneyiminden sonra, S\u00fcr\u00fckleyici Deneyim Odas\u0131na ge\u00e7iyoruz. T\u00fcrkiye\u2019de kendi alan\u0131nda bir &#8220;ilk&#8221; olma \u00f6zelli\u011fi ta\u015f\u0131yan ve Avrupa&#8217;n\u0131n en b\u00fcy\u00fck s\u00fcr\u00fckleyici deneyim alanlar\u0131ndan biri olarak kurgulanan S\u00fcr\u00fckleyici Deneyim Odas\u0131, ziyaret\u00e7ilerini \u00e7ok duyulu ve d\u00fc\u015f\u00fcnsel bir ke\u015ffe \u00e7\u0131kar\u0131yor. Sergi, 17. ve 19. y\u00fczy\u0131llar aras\u0131nda eserler \u00fcretmi\u015f Ukiyo-e ustalar\u0131n\u0131n d\u00fcnyaca \u00fcnl\u00fc ba\u015fyap\u0131tlar\u0131 e\u015fli\u011finde b\u00fcy\u00fcleyici bir atmosfer sunuyor.<\/p>\n\n\n\n<figure class=\"wp-block-video\"><video height=\"1080\" style=\"aspect-ratio: 1920 \/ 1080;\" width=\"1920\" controls src=\"http:\/\/atolyer10.com\/wp-content\/uploads\/2026\/05\/20260522_153409.mp4\"><\/video><\/figure>\n\n\n\n<p><em>S\u00fcr\u00fckleyici Deneyim Odas\u0131<\/em><\/p>\n\n\n\n<p><\/p>\n\n\n\n<p>Daha sonra, Art\u0131r\u0131lm\u0131\u015f Ger\u00e7eklik Odas\u0131n\u0131 k\u0131saca ziyaret ettim. Ziyaret\u00e7ilerini zaman ve mek\u00e2n s\u0131n\u0131rlar\u0131n\u0131n \u00f6tesine ge\u00e7iren Art\u0131r\u0131lm\u0131\u015f Ger\u00e7eklik Odas\u0131, Dijital Deneyim Merkezi\u2019nin en etkileyici b\u00f6l\u00fcmlerinden biri. Tamamen y\u00fcksek \u00e7\u00f6z\u00fcn\u00fcrl\u00fckl\u00fc LED ekranlarla kaplanm\u0131\u015f zemin, tavan ve duvarlara sahip olan bu 70 metrekarelik alan, \u00e7ok boyutlu bir g\u00f6rsel ve duyusal deneyim sunuyor. Fakat \u00e7e\u015fitli hassasiyetlere sahip ki\u015filere bu deneyim \u00f6nerilmiyor. <\/p>\n\n\n\n<figure class=\"wp-block-video\"><video height=\"1080\" style=\"aspect-ratio: 1920 \/ 1080;\" width=\"1920\" controls src=\"http:\/\/atolyer10.com\/wp-content\/uploads\/2026\/05\/20260522_153915.mp4\"><\/video><\/figure>\n\n\n\n<p><em>Art\u0131r\u0131lm\u0131\u015f Ger\u00e7eklik Odas\u0131<\/em><\/p>\n\n\n\n<p><\/p>\n\n\n\n<p>Son olarak Dijital Koridora do\u011fru y\u00f6neliyoruz. Dijital Koridor, sergi deneyiminin son a\u015famalar\u0131nda ziyaret\u00e7ileri Japon esteti\u011finin dingin atmosferiyle sar\u0131yor. Kusurlu ve ge\u00e7ici olan\u0131n zarafetini savunan Wabi-Sabi felsefesi, bu alanda yapay zek\u00e2 esteti\u011fi ve sinematik imgelerle bir araya gelerek b\u00fcy\u00fcleyici, adeta d\u00fc\u015fsel bir ge\u00e7i\u015f deneyimi sunuyor.<\/p>\n\n\n\n<figure class=\"wp-block-image size-large\"><img  title=\"\" loading=\"lazy\" decoding=\"async\" width=\"1024\" height=\"768\" src=\"http:\/\/atolyer10.com\/wp-content\/uploads\/2026\/05\/20260522_154109-1024x768.jpg\"  alt=\"20260522_154109-1024x768 D\u00fc\u015fler Zaman\u0131: Japonya Sergisi\"  class=\"wp-image-889\" \/><\/figure>\n\n\n\n<p><em>Dijital Koridor<\/em><\/p>\n\n\n\n<p>Sergi \u00e7\u0131k\u0131\u015f\u0131nda Japonya ile ilgili kitaplar\u0131n, \u00e7e\u015fitli \u00fcr\u00fcnlerin bulundu\u011fu alan\u0131 da ziyaret ederek, deneyimi sonland\u0131rd\u0131m. Sergiyi k\u0131sa s\u00fcrede gezebilmek m\u00fcmk\u00fcn ve interaktif deneyimlerin olmas\u0131 bu sergiyi di\u011fer \u00e7al\u0131\u015fmalardan farkl\u0131 k\u0131l\u0131yor. <\/p>\n\n\n\n<p>Sonu\u00e7 olarak, \u0130stanbul&#8217;da ya\u015f\u0131yorsan\u0131z, uygun bir zamanda bu sergiyi deneyimlemek keyifli olacakt\u0131r. <\/p>\n","protected":false},"excerpt":{"rendered":"<p>\u0130BB Dijital Deneyim Merkezi taraf\u0131ndan 20 Mart 2026 tarihinde a\u00e7\u0131lan D\u00fc\u015fler Zaman\u0131: Japonya sergisini ziyaret ettim. Bu dijital sanat deneyimi, \u00e7e\u015fitli dijital enstalasyonlar, etkile\u015fimli \u00e7al\u0131\u015fmalarla Japon zanaat k\u00fclt\u00fcr\u00fcn\u00fcn esteti\u011fini bir anlat\u0131 olarak sunuyor ziyaret\u00e7ilere. Dijital Deneyim Merkezi giri\u015fi Dijital Deneyim Merkezinin kap\u0131s\u0131nda, tam giri\u015fte Japon k\u00fclt\u00fcr\u00fcn\u00fcn \u00f6nemli simgelerinden biri olan b\u00fcy\u00fck bir Torii ile kar\u015f\u0131la\u015f\u0131yoruz. [&hellip;]<\/p>\n","protected":false},"author":4,"featured_media":869,"comment_status":"open","ping_status":"open","sticky":false,"template":"","format":"standard","meta":{"footnotes":""},"categories":[84,9,1],"tags":[108,22,106,98],"class_list":["post-868","post","type-post","status-publish","format-standard","has-post-thumbnail","hentry","category-gorsel-sanatlar","category-sergiler","category-uncategorized","tag-dijital","tag-istanbul","tag-japonya","tag-sanat"],"_links":{"self":[{"href":"https:\/\/atolyer10.com\/index.php?rest_route=\/wp\/v2\/posts\/868","targetHints":{"allow":["GET"]}}],"collection":[{"href":"https:\/\/atolyer10.com\/index.php?rest_route=\/wp\/v2\/posts"}],"about":[{"href":"https:\/\/atolyer10.com\/index.php?rest_route=\/wp\/v2\/types\/post"}],"author":[{"embeddable":true,"href":"https:\/\/atolyer10.com\/index.php?rest_route=\/wp\/v2\/users\/4"}],"replies":[{"embeddable":true,"href":"https:\/\/atolyer10.com\/index.php?rest_route=%2Fwp%2Fv2%2Fcomments&post=868"}],"version-history":[{"count":10,"href":"https:\/\/atolyer10.com\/index.php?rest_route=\/wp\/v2\/posts\/868\/revisions"}],"predecessor-version":[{"id":890,"href":"https:\/\/atolyer10.com\/index.php?rest_route=\/wp\/v2\/posts\/868\/revisions\/890"}],"wp:featuredmedia":[{"embeddable":true,"href":"https:\/\/atolyer10.com\/index.php?rest_route=\/wp\/v2\/media\/869"}],"wp:attachment":[{"href":"https:\/\/atolyer10.com\/index.php?rest_route=%2Fwp%2Fv2%2Fmedia&parent=868"}],"wp:term":[{"taxonomy":"category","embeddable":true,"href":"https:\/\/atolyer10.com\/index.php?rest_route=%2Fwp%2Fv2%2Fcategories&post=868"},{"taxonomy":"post_tag","embeddable":true,"href":"https:\/\/atolyer10.com\/index.php?rest_route=%2Fwp%2Fv2%2Ftags&post=868"}],"curies":[{"name":"wp","href":"https:\/\/api.w.org\/{rel}","templated":true}]}}