{"id":958,"date":"2026-06-13T10:52:59","date_gmt":"2026-06-13T10:52:59","guid":{"rendered":"https:\/\/atolyer10.com\/?p=958"},"modified":"2026-06-13T10:53:03","modified_gmt":"2026-06-13T10:53:03","slug":"dun-ile-bugun","status":"publish","type":"post","link":"https:\/\/atolyer10.com\/?p=958","title":{"rendered":"\u201cD\u00dcN ile BUG\u00dcN\u201d"},"content":{"rendered":"\n<p>Se\u00e7kin Pirim\u2019in \u201cD\u00fcn ile Bug\u00fcn\u201d adl\u0131 sergisi, \u0130stanbul\u2019un en etkileyici tarihi yap\u0131lar\u0131ndan biri olan \u015eerefiye Sarn\u0131c\u0131\u2019nda sanatseverlerle bulu\u015fan \u00e7a\u011fda\u015f sanat etkinliklerinden biridir. Sergi, 12 Haziran \u2013 31 A\u011fustos 2026 tarihleri aras\u0131nda ziyaret edilebilmektedir. &nbsp;<\/p>\n\n\n\n<p>Se\u00e7kin Pirim, \u00e7a\u011fda\u015f sanat alan\u0131nda \u00e7al\u0131\u015fan T\u00fcrk bir heykelt\u0131ra\u015ft\u0131r. 1977 y\u0131l\u0131nda Ankara\u2019da do\u011fmu\u015ftur. Sanat\u00e7\u0131, \u00f6zellikle geometrik formlar, mod\u00fcler yap\u0131lar ve tekrar eden y\u00fczeyler kullanarak olu\u015fturdu\u011fu heykel ve yerle\u015ftirme \u00e7al\u0131\u015fmalar\u0131yla tan\u0131n\u0131r. Eserlerinde genellikle k\u00e2\u011f\u0131t, pleksi, al\u00fcminyum gibi malzemeleri kullanarak katmanl\u0131 ve \u00fc\u00e7 boyutlu yap\u0131lar olu\u015fturur. Bu \u00e7al\u0131\u015fmalar, d\u00fczen\u2013kaos, de\u011fi\u015fim, zaman ve d\u00f6n\u00fc\u015f\u00fcm gibi kavramlar\u0131 sorgular. Pirim\u2019in i\u015fleri hem T\u00fcrkiye\u2019de hem de yurt d\u0131\u015f\u0131nda bir\u00e7ok sergide yer alm\u0131\u015ft\u0131r. \u00c7a\u011fda\u015f sanat anlay\u0131\u015f\u0131yla \u00fcretti\u011fi eserler, izleyiciye sadece g\u00f6rsel bir deneyim de\u011fil, ayn\u0131 zamanda d\u00fc\u015f\u00fcnsel bir yorum alan\u0131 da sunar.<\/p>\n\n\n\n<p>Bu sergi, ad\u0131ndan da anla\u015f\u0131laca\u011f\u0131 gibi ge\u00e7mi\u015f ile g\u00fcn\u00fcm\u00fcz aras\u0131ndaki ili\u015fkiyi sanat \u00fczerinden ele al\u0131r. \u015eerefiye Sarn\u0131c\u0131\u2019n\u0131n yakla\u015f\u0131k 1600 y\u0131ll\u0131k tarihi atmosferi, Se\u00e7kin Pirim\u2019in modern ve \u00e7a\u011fda\u015f heykel anlay\u0131\u015f\u0131yla birle\u015ferek izleyiciye \u00e7ok katmanl\u0131 bir deneyim sunar. Eserler, mek\u00e2n\u0131n i\u00e7inde ve \u00e7evresinde yer alarak \u0131\u015f\u0131k, su ve mimarinin do\u011fal etkileriyle birlikte farkl\u0131 anlamlar kazan\u0131r.<\/p>\n\n\n\n<p>Sanat\u00e7\u0131n\u0131n \u00e7al\u0131\u015fmalar\u0131 genellikle mod\u00fcler yap\u0131lar, tekrar eden formlar ve geometrik d\u00fczenler \u00fczerine kuruludur. Bu yap\u0131lar, bir yandan d\u00fczen ve dengeyi temsil ederken di\u011fer yandan d\u00f6n\u00fc\u015f\u00fcm, k\u0131r\u0131lganl\u0131k ve de\u011fi\u015fim kavramlar\u0131n\u0131 g\u00f6r\u00fcn\u00fcr h\u00e2le getirir. \u201cD\u00fcn ile Bug\u00fcn\u201d sergisinde de bu yakla\u015f\u0131m devam eder; eserler, tarih\u00ee bir mek\u00e2nda \u00e7a\u011fda\u015f sanat\u0131n nas\u0131l yeniden yorumlanabilece\u011fini g\u00f6sterir.<\/p>\n\n\n\n<p>Serginin en dikkat \u00e7ekici y\u00f6nlerinden biri, sanat eserlerinin sarn\u0131c\u0131n mimarisiyle kurdu\u011fu diyalo\u011fudur. Ta\u015f s\u00fctunlar, su y\u00fczeyi ve \u0131\u015f\u0131\u011f\u0131n de\u011fi\u015fen etkisi, eserlerin alg\u0131s\u0131n\u0131 s\u00fcrekli de\u011fi\u015ftirir. Bu da ziyaret\u00e7iye sadece bir sergi de\u011fil, ayn\u0131 zamanda mek\u00e2nsal bir deneyim ya\u015fat\u0131r.<\/p>\n\n\n\n<p>Sonu\u00e7 olarak \u201cD\u00fcn ile Bug\u00fcn\u201d, ge\u00e7mi\u015fin izleri ile modern sanat\u0131n birle\u015fti\u011fi, hem tarih hem de \u00e7a\u011fda\u015f sanat a\u00e7\u0131s\u0131ndan \u00f6nemli bir k\u00fclt\u00fcr etkinli\u011fi olarak \u00f6ne \u00e7\u0131kar. \u0130stanbul\u2019un k\u00fclt\u00fcrel miras\u0131n\u0131 sanatla birle\u015ftiren bu sergi, ziyaret\u00e7iye zaman kavram\u0131n\u0131 yeniden d\u00fc\u015f\u00fcnd\u00fcren bir deneyim sunar.<\/p>\n","protected":false},"excerpt":{"rendered":"<p>Se\u00e7kin Pirim\u2019in \u201cD\u00fcn ile Bug\u00fcn\u201d adl\u0131 sergisi, \u0130stanbul\u2019un en etkileyici tarihi yap\u0131lar\u0131ndan biri olan \u015eerefiye Sarn\u0131c\u0131\u2019nda sanatseverlerle bulu\u015fan \u00e7a\u011fda\u015f sanat etkinliklerinden biridir. Sergi, 12 Haziran \u2013 31 A\u011fustos 2026 tarihleri aras\u0131nda ziyaret edilebilmektedir. &nbsp; Se\u00e7kin Pirim, \u00e7a\u011fda\u015f sanat alan\u0131nda \u00e7al\u0131\u015fan T\u00fcrk bir heykelt\u0131ra\u015ft\u0131r. 1977 y\u0131l\u0131nda Ankara\u2019da do\u011fmu\u015ftur. Sanat\u00e7\u0131, \u00f6zellikle geometrik formlar, mod\u00fcler yap\u0131lar ve tekrar [&hellip;]<\/p>\n","protected":false},"author":6,"featured_media":959,"comment_status":"open","ping_status":"open","sticky":false,"template":"","format":"standard","meta":{"footnotes":""},"categories":[84,9],"tags":[22,98,6],"class_list":["post-958","post","type-post","status-publish","format-standard","has-post-thumbnail","hentry","category-gorsel-sanatlar","category-sergiler","tag-istanbul","tag-sanat","tag-sergi"],"_links":{"self":[{"href":"https:\/\/atolyer10.com\/index.php?rest_route=\/wp\/v2\/posts\/958","targetHints":{"allow":["GET"]}}],"collection":[{"href":"https:\/\/atolyer10.com\/index.php?rest_route=\/wp\/v2\/posts"}],"about":[{"href":"https:\/\/atolyer10.com\/index.php?rest_route=\/wp\/v2\/types\/post"}],"author":[{"embeddable":true,"href":"https:\/\/atolyer10.com\/index.php?rest_route=\/wp\/v2\/users\/6"}],"replies":[{"embeddable":true,"href":"https:\/\/atolyer10.com\/index.php?rest_route=%2Fwp%2Fv2%2Fcomments&post=958"}],"version-history":[{"count":1,"href":"https:\/\/atolyer10.com\/index.php?rest_route=\/wp\/v2\/posts\/958\/revisions"}],"predecessor-version":[{"id":960,"href":"https:\/\/atolyer10.com\/index.php?rest_route=\/wp\/v2\/posts\/958\/revisions\/960"}],"wp:featuredmedia":[{"embeddable":true,"href":"https:\/\/atolyer10.com\/index.php?rest_route=\/wp\/v2\/media\/959"}],"wp:attachment":[{"href":"https:\/\/atolyer10.com\/index.php?rest_route=%2Fwp%2Fv2%2Fmedia&parent=958"}],"wp:term":[{"taxonomy":"category","embeddable":true,"href":"https:\/\/atolyer10.com\/index.php?rest_route=%2Fwp%2Fv2%2Fcategories&post=958"},{"taxonomy":"post_tag","embeddable":true,"href":"https:\/\/atolyer10.com\/index.php?rest_route=%2Fwp%2Fv2%2Ftags&post=958"}],"curies":[{"name":"wp","href":"https:\/\/api.w.org\/{rel}","templated":true}]}}