{"id":961,"date":"2026-06-13T10:55:16","date_gmt":"2026-06-13T10:55:16","guid":{"rendered":"https:\/\/atolyer10.com\/?p=961"},"modified":"2026-06-13T10:55:16","modified_gmt":"2026-06-13T10:55:16","slug":"loft-arttan-yeni-grup-sergisi-hafizanin-cografyasi","status":"publish","type":"post","link":"https:\/\/atolyer10.com\/?p=961","title":{"rendered":"Loft Art\u2019tan Yeni Grup Sergisi: \u201cHaf\u0131zan\u0131n Co\u011frafyas\u0131\u201d"},"content":{"rendered":"\n<p>Loft Art, ba\u011f\u0131ms\u0131z sanat \u00fcretimini destekleme misyonunu s\u00fcrd\u00fcr\u00fcrken yeni grup sergisi \u201cHaf\u0131zan\u0131n Co\u011frafyas\u0131\u201d ile izleyicileri haf\u0131za, mek\u00e2n ve zaman aras\u0131ndaki ili\u015fkiyi yeniden ke\u015ffetmeye davet ediyor.<\/p>\n\n\n\n<p>15 Nisan 2026\u2019da kap\u0131lar\u0131n\u0131 a\u00e7an sergi, 14 Haziran 2026 tarihine kadar ziyaret edilebilecek. Aleyna G\u00f6kdemir, A\u011f\u0131t Uluda\u011f, Bilalcan Kara, Elif Aydo\u011fmu\u015f, Nazan \u0130lcan, Melek Baydar, Mehtap Dursun, Sinan Da\u011f, Seda Oturmak, \u015e\u00fckran Dokumac\u0131, Taha D\u00fczler, Sebahattin Y\u00fcce ve Zeynep Do\u011fa Karabulut\u2019un eserlerini bir araya getiren sergi, farkl\u0131 disiplinlerden gelen \u00fcretimleri ortak bir d\u00fc\u015f\u00fcnsel zeminde bulu\u015fturuyor.<\/p>\n\n\n\n<p>\u201cHaf\u0131zan\u0131n Co\u011frafyas\u0131\u201d, haf\u0131zay\u0131 ge\u00e7mi\u015fin de\u011fi\u015fmeden sakland\u0131\u011f\u0131 bir ar\u015fiv olarak de\u011fil; s\u00fcrekli d\u00f6n\u00fc\u015fen, yeniden \u015fekillenen canl\u0131 bir alan olarak ele al\u0131yor. \u00c7\u00fcnk\u00fc hat\u0131rlamak, \u00e7o\u011fu zaman d\u00fc\u015f\u00fcnd\u00fc\u011f\u00fcm\u00fcz gibi ge\u00e7mi\u015fe yap\u0131lan basit bir yolculuk de\u011fil. Her an\u0131, onu yeniden \u00e7a\u011f\u0131rd\u0131\u011f\u0131m\u0131z anda bug\u00fcn\u00fcn duygular\u0131, deneyimleri ve ko\u015fullar\u0131yla yeniden kuruluyor.<\/p>\n\n\n\n<p>Sergi de tam bu noktadan hareket ediyor. Eserler yaln\u0131zca sanat\u00e7\u0131lar\u0131n ki\u015fisel hik\u00e2yelerini ya da ge\u00e7mi\u015fe dair izlenimlerini aktarmakla kalm\u0131yor; izleyicinin kendi an\u0131lar\u0131 ve deneyimleriyle tamamlanan yeni anlamlar \u00fcretmesine de alan a\u00e7\u0131yor. Hepimizin haf\u0131zas\u0131nda \u00f6zel bir yeri olan sokaklar, odalar, \u015fehirler ya da g\u00fcndelik ya\u015fam\u0131n s\u0131radan k\u00f6\u015feleri vard\u0131r. Bazen bir koku, bazen bir g\u00f6r\u00fcnt\u00fc ya da tan\u0131d\u0131k bir ses bizi y\u0131llar \u00f6ncesine g\u00f6t\u00fcrebilir. Sergi, mek\u00e2nlar\u0131n haf\u0131zam\u0131zdaki bu g\u00fc\u00e7l\u00fc etkisini g\u00f6r\u00fcn\u00fcr k\u0131lmaya \u00e7al\u0131\u015f\u0131yor. Sanat\u00e7\u0131lar, mek\u00e2na dair izleri kimi zaman somut imgelerle, kimi zaman soyut anlat\u0131mlarla ele al\u0131rken, izleyiciyi kendi ge\u00e7mi\u015fiyle beklenmedik kar\u015f\u0131la\u015fmalara davet ediyor. \u201cHaf\u0131zan\u0131n Co\u011frafyas\u0131\u201d, tek bir hik\u00e2ye anlatmak yerine her ziyaret\u00e7inin kendi hik\u00e2yesini kurabilece\u011fi bir alan yarat\u0131yor. Eserler, kar\u015f\u0131s\u0131ndaki ki\u015finin an\u0131lar\u0131 ve duygular\u0131yla yeniden \u015fekilleniyor; b\u00f6ylece her ziyaret farkl\u0131 bir deneyime d\u00f6n\u00fc\u015f\u00fcyor.<\/p>\n\n\n\n<p>Ge\u00e7mi\u015fi sabitlemek yerine onun de\u011fi\u015fken ve ak\u0131\u015fkan yap\u0131s\u0131n\u0131 g\u00f6r\u00fcn\u00fcr k\u0131lan sergi, hat\u0131rlaman\u0131n asl\u0131nda s\u00fcrekli devam eden yarat\u0131c\u0131 bir s\u00fcre\u00e7 oldu\u011funu hat\u0131rlat\u0131yor. Loft Art\u2019\u0131n yeni grup sergisi, izleyicileri haf\u0131zan\u0131n katmanlar\u0131 aras\u0131nda dola\u015fmaya ve kendi i\u00e7sel co\u011frafyalar\u0131n\u0131 ke\u015ffetmeye \u00e7a\u011f\u0131r\u0131yor.&nbsp;<\/p>\n","protected":false},"excerpt":{"rendered":"<p>Loft Art, ba\u011f\u0131ms\u0131z sanat \u00fcretimini destekleme misyonunu s\u00fcrd\u00fcr\u00fcrken yeni grup sergisi \u201cHaf\u0131zan\u0131n Co\u011frafyas\u0131\u201d ile izleyicileri haf\u0131za, mek\u00e2n ve zaman aras\u0131ndaki ili\u015fkiyi yeniden ke\u015ffetmeye davet ediyor. 15 Nisan 2026\u2019da kap\u0131lar\u0131n\u0131 a\u00e7an sergi, 14 Haziran 2026 tarihine kadar ziyaret edilebilecek. Aleyna G\u00f6kdemir, A\u011f\u0131t Uluda\u011f, Bilalcan Kara, Elif Aydo\u011fmu\u015f, Nazan \u0130lcan, Melek Baydar, Mehtap Dursun, Sinan Da\u011f, Seda [&hellip;]<\/p>\n","protected":false},"author":6,"featured_media":962,"comment_status":"open","ping_status":"open","sticky":false,"template":"","format":"standard","meta":{"footnotes":""},"categories":[84,9],"tags":[22,98,6],"class_list":["post-961","post","type-post","status-publish","format-standard","has-post-thumbnail","hentry","category-gorsel-sanatlar","category-sergiler","tag-istanbul","tag-sanat","tag-sergi"],"_links":{"self":[{"href":"https:\/\/atolyer10.com\/index.php?rest_route=\/wp\/v2\/posts\/961","targetHints":{"allow":["GET"]}}],"collection":[{"href":"https:\/\/atolyer10.com\/index.php?rest_route=\/wp\/v2\/posts"}],"about":[{"href":"https:\/\/atolyer10.com\/index.php?rest_route=\/wp\/v2\/types\/post"}],"author":[{"embeddable":true,"href":"https:\/\/atolyer10.com\/index.php?rest_route=\/wp\/v2\/users\/6"}],"replies":[{"embeddable":true,"href":"https:\/\/atolyer10.com\/index.php?rest_route=%2Fwp%2Fv2%2Fcomments&post=961"}],"version-history":[{"count":1,"href":"https:\/\/atolyer10.com\/index.php?rest_route=\/wp\/v2\/posts\/961\/revisions"}],"predecessor-version":[{"id":963,"href":"https:\/\/atolyer10.com\/index.php?rest_route=\/wp\/v2\/posts\/961\/revisions\/963"}],"wp:featuredmedia":[{"embeddable":true,"href":"https:\/\/atolyer10.com\/index.php?rest_route=\/wp\/v2\/media\/962"}],"wp:attachment":[{"href":"https:\/\/atolyer10.com\/index.php?rest_route=%2Fwp%2Fv2%2Fmedia&parent=961"}],"wp:term":[{"taxonomy":"category","embeddable":true,"href":"https:\/\/atolyer10.com\/index.php?rest_route=%2Fwp%2Fv2%2Fcategories&post=961"},{"taxonomy":"post_tag","embeddable":true,"href":"https:\/\/atolyer10.com\/index.php?rest_route=%2Fwp%2Fv2%2Ftags&post=961"}],"curies":[{"name":"wp","href":"https:\/\/api.w.org\/{rel}","templated":true}]}}