{"id":964,"date":"2026-06-13T10:57:44","date_gmt":"2026-06-13T10:57:44","guid":{"rendered":"https:\/\/atolyer10.com\/?p=964"},"modified":"2026-06-13T10:57:46","modified_gmt":"2026-06-13T10:57:46","slug":"casa-botter-sanat-ve-tasarim-merkezi","status":"publish","type":"post","link":"https:\/\/atolyer10.com\/?p=964","title":{"rendered":"Casa Botter Sanat ve Tasar\u0131m Merkezi"},"content":{"rendered":"\n<p>Casa Botter Sanat ve Tasar\u0131m Merkezi, \u0130stanbul\u2019un en \u00f6nemli k\u00fclt\u00fcr-sanat mek\u00e2nlar\u0131ndan biri olarak 2023 y\u0131l\u0131nda yeniden i\u015flevlendirilmi\u015f tarihi bir yap\u0131d\u0131r. Bug\u00fcn sanat sergileri, tasar\u0131m etkinlikleri, at\u00f6lyeler ve k\u00fclt\u00fcrel bulu\u015fmalara ev sahipli\u011fi yapan merkez, asl\u0131nda \u00e7ok daha eski ve katmanl\u0131 bir ge\u00e7mi\u015fe sahiptir. Bina, 1900\u20131901 y\u0131llar\u0131 aras\u0131nda Osmanl\u0131 padi\u015fah\u0131 II. Abd\u00fclhamid d\u00f6neminde in\u015fa edilmi\u015ftir. Yap\u0131n\u0131n sahibi, saray\u0131n resmi terzisi ve modac\u0131s\u0131 olan Hollandal\u0131 Jean Botter\u2019dir. Mimar\u0131 ise \u0130stanbul\u2019da bir\u00e7ok \u00f6nemli eseri bulunan \u0130talyan mimar Raimondo D\u2019Aronco\u2019dur.<\/p>\n\n\n\n<p>Bina, o d\u00f6nemde \u201cBotter Apartman\u0131\u201d olarak biliniyordu ve \u0130stanbul\u2019daki ilk modaevi (haute couture at\u00f6lyesi) olarak kullan\u0131l\u0131yordu. Alt kat\u0131 modaevi ve vitrin, \u00fcst katlar\u0131 ise hem at\u00f6lye hem de konut olarak d\u00fczenlenmi\u015fti. Bu y\u00f6n\u00fcyle yap\u0131, Osmanl\u0131\u2019da i\u015f yeri ve konut birle\u015fiminin erken \u00f6rneklerinden biri olarak kabul edilir. Casa Botter, \u0130stanbul\u2019daki ilk Art Nouveau yap\u0131s\u0131 olarak bilinir. Art Nouveau\u2019nun tipik \u00f6zellikleri binada \u00e7ok net g\u00f6r\u00fcl\u00fcr. K\u0131vr\u0131ml\u0131, bitkisel formlar, \u00e7i\u00e7ek ve kad\u0131n y\u00fcz\u00fc gibi dekoratif motifler, vitray pencereler, eliptik balkon ve merdiven tasar\u0131mlar\u0131, zarif demir i\u015f\u00e7ili\u011fi g\u00f6z \u00f6n\u00fcndedir. Bu \u00f6zellikler, binay\u0131 sadece bir yap\u0131 de\u011fil, ayn\u0131 zamanda bir sanat eseri haline getirir.<\/p>\n\n\n\n<p>Uzun y\u0131llar farkl\u0131 ama\u00e7larla kullan\u0131lan ve zamanla y\u0131pranan Botter Apartman\u0131, \u0130stanbul B\u00fcy\u00fck\u015fehir Belediyesi (\u0130BB) taraf\u0131ndan restore edilmi\u015ftir. 2021\u2019de ba\u015flayan restorasyon s\u00fcreci tamamland\u0131ktan sonra yap\u0131, 2023\u2019te \u201cCasa Botter Sanat ve Tasar\u0131m Merkezi\u201d ad\u0131yla yeniden a\u00e7\u0131lm\u0131\u015ft\u0131r.Bu d\u00f6n\u00fc\u015f\u00fcmle birlikte bina; sergi salonlar\u0131, tasar\u0131m ve \u00fcretim alanlar\u0131, konferans ve etkinlik mek\u00e2nlar\u0131, ar\u015fiv ve k\u00fclt\u00fcr birimleri i\u00e7eren \u00e7ok i\u015flevli bir k\u00fclt\u00fcr merkezine d\u00f6n\u00fc\u015fm\u00fc\u015ft\u00fcr. Bug\u00fcn Casa Botter, \u00e7a\u011fda\u015f sanat sergilerine ev sahipli\u011fi yapar, gen\u00e7 sanat\u00e7\u0131lar ve tasar\u0131mc\u0131lar i\u00e7in \u00fcretim alan\u0131 sunar, \u0130stanbul\u2019un k\u00fclt\u00fcr rotas\u0131nda \u00f6nemli bir durak haline gelmi\u015ftir. \u00d6zellikle \u0130stiklal Caddesi \u00fczerinde yer almas\u0131 nedeniyle hem yerli hem yabanc\u0131 ziyaret\u00e7iler i\u00e7in kolay ula\u015f\u0131labilir ve dikkat \u00e7ekici bir k\u00fclt\u00fcr noktas\u0131d\u0131r.<\/p>\n\n\n\n<p>Casa Botter Sanat ve Tasar\u0131m Merkezi, ge\u00e7mi\u015f ile bug\u00fcn\u00fc birle\u015ftiren nadir yap\u0131lardan biridir. Hem Osmanl\u0131\u2019n\u0131n son d\u00f6nem mimarisini hem de g\u00fcn\u00fcm\u00fcz \u00e7a\u011fda\u015f sanat anlay\u0131\u015f\u0131n\u0131 ayn\u0131 \u00e7at\u0131 alt\u0131nda bulu\u015fturur. Bu y\u00f6n\u00fcyle \u0130stanbul\u2019un k\u00fclt\u00fcrel haf\u0131zas\u0131nda \u00f6zel bir yere sahiptir.<\/p>\n\n\n\n<p>Casa Botter Sanat ve Tasar\u0131m Merkezi, sadece restore edilmi\u015f bir tarih\u00ee yap\u0131 de\u011fil; ayn\u0131 zamanda \u0130stiklal Caddesi\u2019nin tam kalbinde \u00e7a\u011fda\u015f sanat\u0131n g\u00f6r\u00fcn\u00fcrl\u00fck alan\u0131 haline gelen \u00f6nemli bir k\u00fclt\u00fcr noktas\u0131d\u0131r. Burada sergilenen sanat\u00e7\u0131lar ve sergi programlar\u0131, mek\u00e2n\u0131n \u201cya\u015fayan bir sanat platformu\u201d olma iddias\u0131n\u0131 do\u011frudan g\u00fc\u00e7lendirir.<\/p>\n\n\n\n<p>Casa Botter a\u00e7\u0131ld\u0131\u011f\u0131ndan bu yana \u00f6zellikle \u00e7ok disiplinli, gen\u00e7 ve \u00e7a\u011fda\u015f sanat \u00fcreticilerine alan a\u00e7an sergiler d\u00fczenliyor. Bu sergilerde tek bir sanat\u00e7\u0131dan ziyade \u00e7o\u011funlukla farkl\u0131 sanat\u00e7\u0131lar\u0131n bir araya geldi\u011fi k\u00fcrat\u00f6ryel projeler \u00f6ne \u00e7\u0131k\u0131yor.<\/p>\n\n\n\n<p>\u00d6rne\u011fin ilk d\u00f6nem sergilerinden biri olan \u201cD\u00fc\u015fler, Hakikatler\u201d sergisinde \u015fu sanat\u00e7\u0131lar yer ald\u0131: Larissa Araz, Mehtap Baydu, Sena Ba\u015f\u00f6z, Orhan Cem \u00c7etin, Cevdet Erek, Ula\u015f Eryavuz, Ece G\u00f6kalp, Berat I\u015f\u0131k, Ali Miharbi, G\u00fcne\u015f Terkol, Erdem Varol, Emir Ya\u011fmurca.<\/p>\n\n\n\n<p>Bu isimler T\u00fcrkiye \u00e7a\u011fda\u015f sanat sahnesinde foto\u011fraf, yerle\u015ftirme, video sanat\u0131, performans ve kavramsal sanat gibi farkl\u0131 alanlarda \u00fcretim yapan sanat\u00e7\u0131lardan olu\u015fuyor. Bu da Casa Botter\u2019in yaln\u0131zca resim sergileyen bir yer de\u011fil, \u00e7a\u011fda\u015f sanat\u0131n deneysel alan\u0131 oldu\u011funu g\u00f6steriyor.<\/p>\n\n\n\n<p>Ayr\u0131ca 2023\u20132024 d\u00f6neminde Casa Botter\u2019de Mercan Dede gibi m\u00fczisyen ve g\u00f6rsel sanat\u00e7\u0131lar\u0131n ki\u015fisel sergileri, \u201cLozan 1923 \/ Y\u00fczy\u0131l \u00d6nceki Ba\u015flang\u0131\u00e7\u201d gibi tarih ve bellek odakl\u0131 sergiler, disiplinler aras\u0131 k\u00fcrat\u00f6ryel projeler yer ald\u0131. Bu \u00e7e\u015fitlilik, mek\u00e2n\u0131n sabit bir sanat anlay\u0131\u015f\u0131 yerine s\u00fcrekli de\u011fi\u015fen bir \u00fcretim alan\u0131 oldu\u011funu g\u00f6steriyor.<\/p>\n\n\n\n<p>Casa Botter\u2019in en kritik rol\u00fc sadece sergi a\u00e7mak de\u011fil; \u0130stiklal Caddesi gibi yo\u011fun bir kamusal alanda yeni sanat\u00e7\u0131lar\u0131 g\u00f6r\u00fcn\u00fcr k\u0131lmak. \u0130stiklal Caddesi her g\u00fcn binlerce insan\u0131n ge\u00e7ti\u011fi bir yer. Burada a\u00e7\u0131lan bir sergi, sanat\u0131n sadece m\u00fcze veya galeriye gidenlerin de\u011fil, tesad\u00fcfen oradan ge\u00e7en insanlar\u0131n da deneyimleyebilece\u011fi bir \u015feye d\u00f6n\u00fc\u015fmesini sa\u011fl\u0131yor.<\/p>\n","protected":false},"excerpt":{"rendered":"<p>Casa Botter Sanat ve Tasar\u0131m Merkezi, \u0130stanbul\u2019un en \u00f6nemli k\u00fclt\u00fcr-sanat mek\u00e2nlar\u0131ndan biri olarak 2023 y\u0131l\u0131nda yeniden i\u015flevlendirilmi\u015f tarihi bir yap\u0131d\u0131r. Bug\u00fcn sanat sergileri, tasar\u0131m etkinlikleri, at\u00f6lyeler ve k\u00fclt\u00fcrel bulu\u015fmalara ev sahipli\u011fi yapan merkez, asl\u0131nda \u00e7ok daha eski ve katmanl\u0131 bir ge\u00e7mi\u015fe sahiptir. Bina, 1900\u20131901 y\u0131llar\u0131 aras\u0131nda Osmanl\u0131 padi\u015fah\u0131 II. Abd\u00fclhamid d\u00f6neminde in\u015fa edilmi\u015ftir. Yap\u0131n\u0131n sahibi, [&hellip;]<\/p>\n","protected":false},"author":6,"featured_media":965,"comment_status":"open","ping_status":"open","sticky":false,"template":"","format":"standard","meta":{"footnotes":""},"categories":[1],"tags":[22,98],"class_list":["post-964","post","type-post","status-publish","format-standard","has-post-thumbnail","hentry","category-uncategorized","tag-istanbul","tag-sanat"],"_links":{"self":[{"href":"https:\/\/atolyer10.com\/index.php?rest_route=\/wp\/v2\/posts\/964","targetHints":{"allow":["GET"]}}],"collection":[{"href":"https:\/\/atolyer10.com\/index.php?rest_route=\/wp\/v2\/posts"}],"about":[{"href":"https:\/\/atolyer10.com\/index.php?rest_route=\/wp\/v2\/types\/post"}],"author":[{"embeddable":true,"href":"https:\/\/atolyer10.com\/index.php?rest_route=\/wp\/v2\/users\/6"}],"replies":[{"embeddable":true,"href":"https:\/\/atolyer10.com\/index.php?rest_route=%2Fwp%2Fv2%2Fcomments&post=964"}],"version-history":[{"count":1,"href":"https:\/\/atolyer10.com\/index.php?rest_route=\/wp\/v2\/posts\/964\/revisions"}],"predecessor-version":[{"id":966,"href":"https:\/\/atolyer10.com\/index.php?rest_route=\/wp\/v2\/posts\/964\/revisions\/966"}],"wp:featuredmedia":[{"embeddable":true,"href":"https:\/\/atolyer10.com\/index.php?rest_route=\/wp\/v2\/media\/965"}],"wp:attachment":[{"href":"https:\/\/atolyer10.com\/index.php?rest_route=%2Fwp%2Fv2%2Fmedia&parent=964"}],"wp:term":[{"taxonomy":"category","embeddable":true,"href":"https:\/\/atolyer10.com\/index.php?rest_route=%2Fwp%2Fv2%2Fcategories&post=964"},{"taxonomy":"post_tag","embeddable":true,"href":"https:\/\/atolyer10.com\/index.php?rest_route=%2Fwp%2Fv2%2Ftags&post=964"}],"curies":[{"name":"wp","href":"https:\/\/api.w.org\/{rel}","templated":true}]}}